{"id":50831,"date":"2022-08-03T08:26:14","date_gmt":"2022-08-03T07:26:14","guid":{"rendered":"https:\/\/lykosbalkanmetals.com\/?p=50831"},"modified":"2024-04-30T10:32:25","modified_gmt":"2024-04-30T09:32:25","slug":"obiljezena-krsna-slava-mrkonjic-grada-nastavljena-manifestacija-mg-ljeto","status":"publish","type":"post","link":"https:\/\/lykosbalkanmetals.com\/bs\/obiljezena-krsna-slava-mrkonjic-grada-nastavljena-manifestacija-mg-ljeto\/","title":{"rendered":"Obilje\u017eena krsna slava Mrkonji\u0107 Grada &#8211; nastavljena manifestacija &#8220;MG Ljeto&#8221;"},"content":{"rendered":"\n<p>Na poziv na\u010delnika Op\u0161tine Mrkonji\u0107 Grad doktora Dragana Vo\u0111evi\u0107a, obilje\u017eavanju krsne slave Svetog proroka ilije prisustvovali su i predstavnici na\u0161e kompanije izvr\u0161ni direktor mr Dejan Nikoli\u0107 i stru\u010dni saradnik za tehni\u010dko-operativne poslove mr Mladen Luji\u0107. Nakon prigodnog programa na glavnom trgu, u srda\u010dnom razgovoru sa na\u010delnikom, istaknuta je dobra i kvalitetna saradnja izme\u0111u na\u0161e kompanije i lokalne samouprave u Mrkonji\u0107 Gradu i dodatno osna\u017eivanje kroz poslovne i dru\u0161tveno-odgovorne aktivnosti.<\/p>\n\n\n\n<div class=\"wp-block-image\"><figure class=\"aligncenter size-full\"><a href=\"https:\/\/lykosbalkanmetals.com\/wp-content\/uploads\/2022\/08\/001-1.jpg\"><img fetchpriority=\"high\" decoding=\"async\" width=\"800\" height=\"600\" src=\"http:\/\/lykosbalkanmetals.com\/wp-content\/uploads\/2022\/08\/001-1.jpg\" alt=\"\" class=\"wp-image-50833\" srcset=\"https:\/\/lykosbalkanmetals.com\/wp-content\/uploads\/2022\/08\/001-1.jpg 800w, https:\/\/lykosbalkanmetals.com\/wp-content\/uploads\/2022\/08\/001-1-300x225.jpg 300w, https:\/\/lykosbalkanmetals.com\/wp-content\/uploads\/2022\/08\/001-1-768x576.jpg 768w\" sizes=\"(max-width: 800px) 100vw, 800px\" \/><\/a><\/figure><\/div>\n\n\n\n<div class=\"wp-block-image\"><figure class=\"aligncenter size-full\"><a href=\"https:\/\/lykosbalkanmetals.com\/wp-content\/uploads\/2022\/08\/002.jpg\"><img decoding=\"async\" width=\"518\" height=\"800\" src=\"http:\/\/lykosbalkanmetals.com\/wp-content\/uploads\/2022\/08\/002.jpg\" alt=\"\" class=\"wp-image-50834\" srcset=\"https:\/\/lykosbalkanmetals.com\/wp-content\/uploads\/2022\/08\/002.jpg 518w, https:\/\/lykosbalkanmetals.com\/wp-content\/uploads\/2022\/08\/002-194x300.jpg 194w\" sizes=\"(max-width: 518px) 100vw, 518px\" \/><\/a><\/figure><\/div>\n\n\n\n<p><br>U sklopu ovogodi\u0161njeg MG Ljeta organizovana je i tradicionalna Rolerijada, jedna od najposje\u0107enijih manifestacija u Mrkonji\u0107 Gradu. Pokrovitelj doga\u0111aja bila je kompanija Lykos Balkan Metals, odnosno na\u0161a \u0107erka-firma SNK Metali. Instruktori su za po\u010detnike pripremili \u010ditav set vje\u017ebi kako bi polaznici krenuli sa prvim koracima na rolerima te kako bi na takmi\u010denju koje \u0107e biti organizovano u nedelju 07. avgusta pokazali ste\u010deno znanje.<\/p>\n\n\n\n<figure class=\"wp-block-gallery aligncenter has-nested-images columns-default is-cropped wp-block-gallery-1 is-layout-flex wp-block-gallery-is-layout-flex\">\n<figure class=\"wp-block-image size-large\"><a href=\"https:\/\/lykosbalkanmetals.com\/wp-content\/uploads\/2022\/08\/003.jpg\"><img decoding=\"async\" width=\"800\" height=\"600\" data-id=\"50835\" src=\"http:\/\/lykosbalkanmetals.com\/wp-content\/uploads\/2022\/08\/003.jpg\" alt=\"\" class=\"wp-image-50835\" srcset=\"https:\/\/lykosbalkanmetals.com\/wp-content\/uploads\/2022\/08\/003.jpg 800w, https:\/\/lykosbalkanmetals.com\/wp-content\/uploads\/2022\/08\/003-300x225.jpg 300w, https:\/\/lykosbalkanmetals.com\/wp-content\/uploads\/2022\/08\/003-768x576.jpg 768w\" sizes=\"(max-width: 800px) 100vw, 800px\" \/><\/a><\/figure>\n\n\n\n<figure class=\"wp-block-image size-large\"><a href=\"https:\/\/lykosbalkanmetals.com\/wp-content\/uploads\/2022\/08\/004.jpg\"><img loading=\"lazy\" decoding=\"async\" width=\"800\" height=\"600\" data-id=\"50836\" src=\"http:\/\/lykosbalkanmetals.com\/wp-content\/uploads\/2022\/08\/004.jpg\" alt=\"\" class=\"wp-image-50836\" srcset=\"https:\/\/lykosbalkanmetals.com\/wp-content\/uploads\/2022\/08\/004.jpg 800w, https:\/\/lykosbalkanmetals.com\/wp-content\/uploads\/2022\/08\/004-300x225.jpg 300w, https:\/\/lykosbalkanmetals.com\/wp-content\/uploads\/2022\/08\/004-768x576.jpg 768w\" sizes=\"(max-width: 800px) 100vw, 800px\" \/><\/a><\/figure>\n\n\n\n<figure class=\"wp-block-image size-large\"><a href=\"https:\/\/lykosbalkanmetals.com\/wp-content\/uploads\/2022\/08\/005.jpg\"><img loading=\"lazy\" decoding=\"async\" width=\"800\" height=\"600\" data-id=\"50837\" src=\"http:\/\/lykosbalkanmetals.com\/wp-content\/uploads\/2022\/08\/005.jpg\" alt=\"\" class=\"wp-image-50837\" srcset=\"https:\/\/lykosbalkanmetals.com\/wp-content\/uploads\/2022\/08\/005.jpg 800w, https:\/\/lykosbalkanmetals.com\/wp-content\/uploads\/2022\/08\/005-300x225.jpg 300w, https:\/\/lykosbalkanmetals.com\/wp-content\/uploads\/2022\/08\/005-768x576.jpg 768w\" sizes=\"(max-width: 800px) 100vw, 800px\" \/><\/a><\/figure>\n<\/figure>\n\n\n\n<figure class=\"wp-block-gallery aligncenter has-nested-images columns-default is-cropped wp-block-gallery-2 is-layout-flex wp-block-gallery-is-layout-flex\">\n<figure class=\"wp-block-image size-large\"><a href=\"https:\/\/lykosbalkanmetals.com\/wp-content\/uploads\/2022\/08\/006.jpg\"><img loading=\"lazy\" decoding=\"async\" width=\"800\" height=\"600\" data-id=\"50838\" src=\"http:\/\/lykosbalkanmetals.com\/wp-content\/uploads\/2022\/08\/006.jpg\" alt=\"\" class=\"wp-image-50838\" srcset=\"https:\/\/lykosbalkanmetals.com\/wp-content\/uploads\/2022\/08\/006.jpg 800w, https:\/\/lykosbalkanmetals.com\/wp-content\/uploads\/2022\/08\/006-300x225.jpg 300w, https:\/\/lykosbalkanmetals.com\/wp-content\/uploads\/2022\/08\/006-768x576.jpg 768w\" sizes=\"(max-width: 800px) 100vw, 800px\" \/><\/a><\/figure>\n\n\n\n<figure class=\"wp-block-image size-large\"><a href=\"https:\/\/lykosbalkanmetals.com\/wp-content\/uploads\/2022\/08\/007.jpg\"><img loading=\"lazy\" decoding=\"async\" width=\"800\" height=\"603\" data-id=\"50839\" src=\"http:\/\/lykosbalkanmetals.com\/wp-content\/uploads\/2022\/08\/007.jpg\" alt=\"\" class=\"wp-image-50839\" srcset=\"https:\/\/lykosbalkanmetals.com\/wp-content\/uploads\/2022\/08\/007.jpg 800w, https:\/\/lykosbalkanmetals.com\/wp-content\/uploads\/2022\/08\/007-300x226.jpg 300w, https:\/\/lykosbalkanmetals.com\/wp-content\/uploads\/2022\/08\/007-768x579.jpg 768w\" sizes=\"(max-width: 800px) 100vw, 800px\" \/><\/a><\/figure>\n\n\n\n<figure class=\"wp-block-image size-large\"><a href=\"https:\/\/lykosbalkanmetals.com\/wp-content\/uploads\/2022\/08\/008.jpg\"><img loading=\"lazy\" decoding=\"async\" width=\"800\" height=\"631\" data-id=\"50840\" src=\"http:\/\/lykosbalkanmetals.com\/wp-content\/uploads\/2022\/08\/008.jpg\" alt=\"\" class=\"wp-image-50840\" srcset=\"https:\/\/lykosbalkanmetals.com\/wp-content\/uploads\/2022\/08\/008.jpg 800w, https:\/\/lykosbalkanmetals.com\/wp-content\/uploads\/2022\/08\/008-300x237.jpg 300w, https:\/\/lykosbalkanmetals.com\/wp-content\/uploads\/2022\/08\/008-768x606.jpg 768w\" sizes=\"(max-width: 800px) 100vw, 800px\" \/><\/a><\/figure>\n<\/figure>\n\n\n\n<figure class=\"wp-block-gallery aligncenter has-nested-images columns-default is-cropped wp-block-gallery-3 is-layout-flex wp-block-gallery-is-layout-flex\">\n<figure class=\"wp-block-image size-large\"><a href=\"https:\/\/lykosbalkanmetals.com\/wp-content\/uploads\/2022\/08\/009.jpg\"><img loading=\"lazy\" decoding=\"async\" width=\"800\" height=\"529\" data-id=\"50841\" src=\"http:\/\/lykosbalkanmetals.com\/wp-content\/uploads\/2022\/08\/009.jpg\" alt=\"\" class=\"wp-image-50841\" srcset=\"https:\/\/lykosbalkanmetals.com\/wp-content\/uploads\/2022\/08\/009.jpg 800w, https:\/\/lykosbalkanmetals.com\/wp-content\/uploads\/2022\/08\/009-300x198.jpg 300w, https:\/\/lykosbalkanmetals.com\/wp-content\/uploads\/2022\/08\/009-768x508.jpg 768w, https:\/\/lykosbalkanmetals.com\/wp-content\/uploads\/2022\/08\/009-391x260.jpg 391w\" sizes=\"(max-width: 800px) 100vw, 800px\" \/><\/a><\/figure>\n\n\n\n<figure class=\"wp-block-image size-large\"><a href=\"https:\/\/lykosbalkanmetals.com\/wp-content\/uploads\/2022\/08\/DSCN0816.jpg\"><img loading=\"lazy\" decoding=\"async\" width=\"800\" height=\"600\" data-id=\"50843\" src=\"http:\/\/lykosbalkanmetals.com\/wp-content\/uploads\/2022\/08\/DSCN0816.jpg\" alt=\"\" class=\"wp-image-50843\" srcset=\"https:\/\/lykosbalkanmetals.com\/wp-content\/uploads\/2022\/08\/DSCN0816.jpg 800w, https:\/\/lykosbalkanmetals.com\/wp-content\/uploads\/2022\/08\/DSCN0816-300x225.jpg 300w, https:\/\/lykosbalkanmetals.com\/wp-content\/uploads\/2022\/08\/DSCN0816-768x576.jpg 768w\" sizes=\"(max-width: 800px) 100vw, 800px\" \/><\/a><\/figure>\n<\/figure>\n\n\n\n<div class=\"wp-block-image\"><figure class=\"aligncenter size-full\"><a href=\"https:\/\/lykosbalkanmetals.com\/wp-content\/uploads\/2022\/08\/010.jpg\"><img loading=\"lazy\" decoding=\"async\" width=\"651\" height=\"800\" src=\"http:\/\/lykosbalkanmetals.com\/wp-content\/uploads\/2022\/08\/010.jpg\" alt=\"\" class=\"wp-image-50842\" srcset=\"https:\/\/lykosbalkanmetals.com\/wp-content\/uploads\/2022\/08\/010.jpg 651w, https:\/\/lykosbalkanmetals.com\/wp-content\/uploads\/2022\/08\/010-244x300.jpg 244w\" sizes=\"(max-width: 651px) 100vw, 651px\" \/><\/a><\/figure><\/div>\n","protected":false},"excerpt":{"rendered":"<p>Na poziv na\u010delnika Op\u0161tine Mrkonji\u0107 Grad doktora Dragana Vo\u0111evi\u0107a, obilje\u017eavanju krsne slave Svetog proroka ilije prisustvovali su i predstavnici na\u0161e kompanije izvr\u0161ni direktor mr Dejan Nikoli\u0107 i stru\u010dni saradnik za tehni\u010dko-operativne poslove mr Mladen Luji\u0107. Nakon prigodnog programa na glavnom trgu, u srda\u010dnom razgovoru sa na\u010delnikom, istaknuta je dobra i kvalitetna saradnja izme\u0111u na\u0161e kompanije&hellip;<\/p>\n","protected":false},"author":16,"featured_media":50833,"comment_status":"open","ping_status":"open","sticky":false,"template":"","format":"standard","meta":{"_monsterinsights_skip_tracking":false,"_monsterinsights_sitenote_active":false,"_monsterinsights_sitenote_note":"","_monsterinsights_sitenote_category":0,"footnotes":""},"categories":[11,83,85],"tags":[],"yoast_head":"<!-- This site is optimized with the Yoast SEO plugin v20.7 - https:\/\/yoast.com\/wordpress\/plugins\/seo\/ -->\n<title>Obilje\u017eena krsna slava Mrkonji\u0107 Grada - nastavljena manifestacija &quot;MG Ljeto&quot; - Lykos Balkan Metals<\/title>\n<meta name=\"robots\" content=\"index, follow, max-snippet:-1, max-image-preview:large, max-video-preview:-1\" \/>\n<link rel=\"canonical\" href=\"https:\/\/lykosbalkanmetals.com\/bs\/obiljezena-krsna-slava-mrkonjic-grada-nastavljena-manifestacija-mg-ljeto\/\" \/>\n<meta property=\"og:locale\" content=\"bs_BA\" \/>\n<meta property=\"og:type\" content=\"article\" \/>\n<meta property=\"og:title\" content=\"Obilje\u017eena krsna slava Mrkonji\u0107 Grada - nastavljena manifestacija &quot;MG Ljeto&quot; - Lykos Balkan Metals\" \/>\n<meta property=\"og:description\" content=\"Na poziv na\u010delnika Op\u0161tine Mrkonji\u0107 Grad doktora Dragana Vo\u0111evi\u0107a, obilje\u017eavanju krsne slave Svetog proroka ilije prisustvovali su i predstavnici na\u0161e kompanije izvr\u0161ni direktor mr Dejan Nikoli\u0107 i stru\u010dni saradnik za tehni\u010dko-operativne poslove mr Mladen Luji\u0107. Nakon prigodnog programa na glavnom trgu, u srda\u010dnom razgovoru sa na\u010delnikom, istaknuta je dobra i kvalitetna saradnja izme\u0111u na\u0161e kompanije&hellip;\" \/>\n<meta property=\"og:url\" content=\"https:\/\/lykosbalkanmetals.com\/bs\/obiljezena-krsna-slava-mrkonjic-grada-nastavljena-manifestacija-mg-ljeto\/\" \/>\n<meta property=\"og:site_name\" content=\"Lykos Balkan Metals\" \/>\n<meta property=\"article:published_time\" content=\"2022-08-03T07:26:14+00:00\" \/>\n<meta property=\"article:modified_time\" content=\"2024-04-30T09:32:25+00:00\" \/>\n<meta property=\"og:image\" content=\"http:\/\/lykosbalkanmetals.com\/wp-content\/uploads\/2022\/08\/001-1.jpg\" \/>\n\t<meta property=\"og:image:width\" content=\"800\" \/>\n\t<meta property=\"og:image:height\" content=\"600\" \/>\n\t<meta property=\"og:image:type\" content=\"image\/jpeg\" \/>\n<meta name=\"author\" content=\"exporter\" \/>\n<meta name=\"twitter:card\" content=\"summary_large_image\" \/>\n<meta name=\"twitter:label1\" content=\"Written by\" \/>\n\t<meta name=\"twitter:data1\" content=\"exporter\" \/>\n\t<meta name=\"twitter:label2\" content=\"Est. reading time\" \/>\n\t<meta name=\"twitter:data2\" content=\"1 minuta\" \/>\n<script type=\"application\/ld+json\" class=\"yoast-schema-graph\">{\"@context\":\"https:\/\/schema.org\",\"@graph\":[{\"@type\":\"Article\",\"@id\":\"https:\/\/lykosbalkanmetals.com\/obiljezena-krsna-slava-mrkonjic-grada-nastavljena-manifestacija-mg-ljeto\/#article\",\"isPartOf\":{\"@id\":\"https:\/\/lykosbalkanmetals.com\/obiljezena-krsna-slava-mrkonjic-grada-nastavljena-manifestacija-mg-ljeto\/\"},\"author\":{\"name\":\"exporter\",\"@id\":\"https:\/\/lykosbalkanmetals.com\/#\/schema\/person\/2481c8013b1e5c1e08ab2a0482d65173\"},\"headline\":\"Obilje\u017eena krsna slava Mrkonji\u0107 Grada &#8211; nastavljena manifestacija &#8220;MG Ljeto&#8221;\",\"datePublished\":\"2022-08-03T07:26:14+00:00\",\"dateModified\":\"2024-04-30T09:32:25+00:00\",\"mainEntityOfPage\":{\"@id\":\"https:\/\/lykosbalkanmetals.com\/obiljezena-krsna-slava-mrkonjic-grada-nastavljena-manifestacija-mg-ljeto\/\"},\"wordCount\":165,\"commentCount\":0,\"publisher\":{\"@id\":\"https:\/\/lykosbalkanmetals.com\/#organization\"},\"articleSection\":[\"Events\",\"Lokalne vijesti\",\"Team\"],\"inLanguage\":\"bs-BA\",\"potentialAction\":[{\"@type\":\"CommentAction\",\"name\":\"Comment\",\"target\":[\"https:\/\/lykosbalkanmetals.com\/obiljezena-krsna-slava-mrkonjic-grada-nastavljena-manifestacija-mg-ljeto\/#respond\"]}]},{\"@type\":\"WebPage\",\"@id\":\"https:\/\/lykosbalkanmetals.com\/obiljezena-krsna-slava-mrkonjic-grada-nastavljena-manifestacija-mg-ljeto\/\",\"url\":\"https:\/\/lykosbalkanmetals.com\/obiljezena-krsna-slava-mrkonjic-grada-nastavljena-manifestacija-mg-ljeto\/\",\"name\":\"Obilje\u017eena krsna slava Mrkonji\u0107 Grada - nastavljena manifestacija \\\"MG Ljeto\\\" - Lykos Balkan Metals\",\"isPartOf\":{\"@id\":\"https:\/\/lykosbalkanmetals.com\/#website\"},\"datePublished\":\"2022-08-03T07:26:14+00:00\",\"dateModified\":\"2024-04-30T09:32:25+00:00\",\"breadcrumb\":{\"@id\":\"https:\/\/lykosbalkanmetals.com\/obiljezena-krsna-slava-mrkonjic-grada-nastavljena-manifestacija-mg-ljeto\/#breadcrumb\"},\"inLanguage\":\"bs-BA\",\"potentialAction\":[{\"@type\":\"ReadAction\",\"target\":[\"https:\/\/lykosbalkanmetals.com\/obiljezena-krsna-slava-mrkonjic-grada-nastavljena-manifestacija-mg-ljeto\/\"]}]},{\"@type\":\"BreadcrumbList\",\"@id\":\"https:\/\/lykosbalkanmetals.com\/obiljezena-krsna-slava-mrkonjic-grada-nastavljena-manifestacija-mg-ljeto\/#breadcrumb\",\"itemListElement\":[{\"@type\":\"ListItem\",\"position\":1,\"name\":\"Home\",\"item\":\"https:\/\/lykosbalkanmetals.com\/\"},{\"@type\":\"ListItem\",\"position\":2,\"name\":\"Obilje\u017eena krsna slava Mrkonji\u0107 Grada &#8211; nastavljena manifestacija &#8220;MG Ljeto&#8221;\"}]},{\"@type\":\"WebSite\",\"@id\":\"https:\/\/lykosbalkanmetals.com\/#website\",\"url\":\"https:\/\/lykosbalkanmetals.com\/\",\"name\":\"Lykos Balkan Metals\",\"description\":\"Geolo\u0161ka istra\u017eivanja metala\",\"publisher\":{\"@id\":\"https:\/\/lykosbalkanmetals.com\/#organization\"},\"potentialAction\":[{\"@type\":\"SearchAction\",\"target\":{\"@type\":\"EntryPoint\",\"urlTemplate\":\"https:\/\/lykosbalkanmetals.com\/?s={search_term_string}\"},\"query-input\":\"required name=search_term_string\"}],\"inLanguage\":\"bs-BA\"},{\"@type\":\"Organization\",\"@id\":\"https:\/\/lykosbalkanmetals.com\/#organization\",\"name\":\"Lykos Balkan Metals\",\"url\":\"https:\/\/lykosbalkanmetals.com\/\",\"logo\":{\"@type\":\"ImageObject\",\"inLanguage\":\"bs-BA\",\"@id\":\"https:\/\/lykosbalkanmetals.com\/#\/schema\/logo\/image\/\",\"url\":\"https:\/\/lykosbalkanmetals.com\/wp-content\/uploads\/2021\/12\/Asset-3.png\",\"contentUrl\":\"https:\/\/lykosbalkanmetals.com\/wp-content\/uploads\/2021\/12\/Asset-3.png\",\"width\":50,\"height\":51,\"caption\":\"Lykos Balkan Metals\"},\"image\":{\"@id\":\"https:\/\/lykosbalkanmetals.com\/#\/schema\/logo\/image\/\"}},{\"@type\":\"Person\",\"@id\":\"https:\/\/lykosbalkanmetals.com\/#\/schema\/person\/2481c8013b1e5c1e08ab2a0482d65173\",\"name\":\"exporter\",\"image\":{\"@type\":\"ImageObject\",\"inLanguage\":\"bs-BA\",\"@id\":\"https:\/\/lykosbalkanmetals.com\/#\/schema\/person\/image\/\",\"url\":\"https:\/\/secure.gravatar.com\/avatar\/b995926e2fa33540fa298fa4fd8c623d?s=96&d=mm&r=g\",\"contentUrl\":\"https:\/\/secure.gravatar.com\/avatar\/b995926e2fa33540fa298fa4fd8c623d?s=96&d=mm&r=g\",\"caption\":\"exporter\"},\"url\":\"https:\/\/lykosbalkanmetals.com\/bs\/author\/exporter\/\"}]}<\/script>\n<!-- \/ Yoast SEO plugin. -->","yoast_head_json":{"title":"Obilje\u017eena krsna slava Mrkonji\u0107 Grada - nastavljena manifestacija \"MG Ljeto\" - Lykos Balkan Metals","robots":{"index":"index","follow":"follow","max-snippet":"max-snippet:-1","max-image-preview":"max-image-preview:large","max-video-preview":"max-video-preview:-1"},"canonical":"https:\/\/lykosbalkanmetals.com\/bs\/obiljezena-krsna-slava-mrkonjic-grada-nastavljena-manifestacija-mg-ljeto\/","og_locale":"bs_BA","og_type":"article","og_title":"Obilje\u017eena krsna slava Mrkonji\u0107 Grada - nastavljena manifestacija \"MG Ljeto\" - Lykos Balkan Metals","og_description":"Na poziv na\u010delnika Op\u0161tine Mrkonji\u0107 Grad doktora Dragana Vo\u0111evi\u0107a, obilje\u017eavanju krsne slave Svetog proroka ilije prisustvovali su i predstavnici na\u0161e kompanije izvr\u0161ni direktor mr Dejan Nikoli\u0107 i stru\u010dni saradnik za tehni\u010dko-operativne poslove mr Mladen Luji\u0107. Nakon prigodnog programa na glavnom trgu, u srda\u010dnom razgovoru sa na\u010delnikom, istaknuta je dobra i kvalitetna saradnja izme\u0111u na\u0161e kompanije&hellip;","og_url":"https:\/\/lykosbalkanmetals.com\/bs\/obiljezena-krsna-slava-mrkonjic-grada-nastavljena-manifestacija-mg-ljeto\/","og_site_name":"Lykos Balkan Metals","article_published_time":"2022-08-03T07:26:14+00:00","article_modified_time":"2024-04-30T09:32:25+00:00","og_image":[{"width":800,"height":600,"url":"http:\/\/lykosbalkanmetals.com\/wp-content\/uploads\/2022\/08\/001-1.jpg","type":"image\/jpeg"}],"author":"exporter","twitter_card":"summary_large_image","twitter_misc":{"Written by":"exporter","Est. reading time":"1 minuta"},"schema":{"@context":"https:\/\/schema.org","@graph":[{"@type":"Article","@id":"https:\/\/lykosbalkanmetals.com\/obiljezena-krsna-slava-mrkonjic-grada-nastavljena-manifestacija-mg-ljeto\/#article","isPartOf":{"@id":"https:\/\/lykosbalkanmetals.com\/obiljezena-krsna-slava-mrkonjic-grada-nastavljena-manifestacija-mg-ljeto\/"},"author":{"name":"exporter","@id":"https:\/\/lykosbalkanmetals.com\/#\/schema\/person\/2481c8013b1e5c1e08ab2a0482d65173"},"headline":"Obilje\u017eena krsna slava Mrkonji\u0107 Grada &#8211; nastavljena manifestacija &#8220;MG Ljeto&#8221;","datePublished":"2022-08-03T07:26:14+00:00","dateModified":"2024-04-30T09:32:25+00:00","mainEntityOfPage":{"@id":"https:\/\/lykosbalkanmetals.com\/obiljezena-krsna-slava-mrkonjic-grada-nastavljena-manifestacija-mg-ljeto\/"},"wordCount":165,"commentCount":0,"publisher":{"@id":"https:\/\/lykosbalkanmetals.com\/#organization"},"articleSection":["Events","Lokalne vijesti","Team"],"inLanguage":"bs-BA","potentialAction":[{"@type":"CommentAction","name":"Comment","target":["https:\/\/lykosbalkanmetals.com\/obiljezena-krsna-slava-mrkonjic-grada-nastavljena-manifestacija-mg-ljeto\/#respond"]}]},{"@type":"WebPage","@id":"https:\/\/lykosbalkanmetals.com\/obiljezena-krsna-slava-mrkonjic-grada-nastavljena-manifestacija-mg-ljeto\/","url":"https:\/\/lykosbalkanmetals.com\/obiljezena-krsna-slava-mrkonjic-grada-nastavljena-manifestacija-mg-ljeto\/","name":"Obilje\u017eena krsna slava Mrkonji\u0107 Grada - nastavljena manifestacija \"MG Ljeto\" - Lykos Balkan Metals","isPartOf":{"@id":"https:\/\/lykosbalkanmetals.com\/#website"},"datePublished":"2022-08-03T07:26:14+00:00","dateModified":"2024-04-30T09:32:25+00:00","breadcrumb":{"@id":"https:\/\/lykosbalkanmetals.com\/obiljezena-krsna-slava-mrkonjic-grada-nastavljena-manifestacija-mg-ljeto\/#breadcrumb"},"inLanguage":"bs-BA","potentialAction":[{"@type":"ReadAction","target":["https:\/\/lykosbalkanmetals.com\/obiljezena-krsna-slava-mrkonjic-grada-nastavljena-manifestacija-mg-ljeto\/"]}]},{"@type":"BreadcrumbList","@id":"https:\/\/lykosbalkanmetals.com\/obiljezena-krsna-slava-mrkonjic-grada-nastavljena-manifestacija-mg-ljeto\/#breadcrumb","itemListElement":[{"@type":"ListItem","position":1,"name":"Home","item":"https:\/\/lykosbalkanmetals.com\/"},{"@type":"ListItem","position":2,"name":"Obilje\u017eena krsna slava Mrkonji\u0107 Grada &#8211; nastavljena manifestacija &#8220;MG Ljeto&#8221;"}]},{"@type":"WebSite","@id":"https:\/\/lykosbalkanmetals.com\/#website","url":"https:\/\/lykosbalkanmetals.com\/","name":"Lykos Balkan Metals","description":"Geolo\u0161ka istra\u017eivanja metala","publisher":{"@id":"https:\/\/lykosbalkanmetals.com\/#organization"},"potentialAction":[{"@type":"SearchAction","target":{"@type":"EntryPoint","urlTemplate":"https:\/\/lykosbalkanmetals.com\/?s={search_term_string}"},"query-input":"required name=search_term_string"}],"inLanguage":"bs-BA"},{"@type":"Organization","@id":"https:\/\/lykosbalkanmetals.com\/#organization","name":"Lykos Balkan Metals","url":"https:\/\/lykosbalkanmetals.com\/","logo":{"@type":"ImageObject","inLanguage":"bs-BA","@id":"https:\/\/lykosbalkanmetals.com\/#\/schema\/logo\/image\/","url":"https:\/\/lykosbalkanmetals.com\/wp-content\/uploads\/2021\/12\/Asset-3.png","contentUrl":"https:\/\/lykosbalkanmetals.com\/wp-content\/uploads\/2021\/12\/Asset-3.png","width":50,"height":51,"caption":"Lykos Balkan Metals"},"image":{"@id":"https:\/\/lykosbalkanmetals.com\/#\/schema\/logo\/image\/"}},{"@type":"Person","@id":"https:\/\/lykosbalkanmetals.com\/#\/schema\/person\/2481c8013b1e5c1e08ab2a0482d65173","name":"exporter","image":{"@type":"ImageObject","inLanguage":"bs-BA","@id":"https:\/\/lykosbalkanmetals.com\/#\/schema\/person\/image\/","url":"https:\/\/secure.gravatar.com\/avatar\/b995926e2fa33540fa298fa4fd8c623d?s=96&d=mm&r=g","contentUrl":"https:\/\/secure.gravatar.com\/avatar\/b995926e2fa33540fa298fa4fd8c623d?s=96&d=mm&r=g","caption":"exporter"},"url":"https:\/\/lykosbalkanmetals.com\/bs\/author\/exporter\/"}]}},"_links":{"self":[{"href":"https:\/\/lykosbalkanmetals.com\/bs\/wp-json\/wp\/v2\/posts\/50831"}],"collection":[{"href":"https:\/\/lykosbalkanmetals.com\/bs\/wp-json\/wp\/v2\/posts"}],"about":[{"href":"https:\/\/lykosbalkanmetals.com\/bs\/wp-json\/wp\/v2\/types\/post"}],"author":[{"embeddable":true,"href":"https:\/\/lykosbalkanmetals.com\/bs\/wp-json\/wp\/v2\/users\/16"}],"replies":[{"embeddable":true,"href":"https:\/\/lykosbalkanmetals.com\/bs\/wp-json\/wp\/v2\/comments?post=50831"}],"version-history":[{"count":1,"href":"https:\/\/lykosbalkanmetals.com\/bs\/wp-json\/wp\/v2\/posts\/50831\/revisions"}],"predecessor-version":[{"id":50844,"href":"https:\/\/lykosbalkanmetals.com\/bs\/wp-json\/wp\/v2\/posts\/50831\/revisions\/50844"}],"wp:featuredmedia":[{"embeddable":true,"href":"https:\/\/lykosbalkanmetals.com\/bs\/wp-json\/wp\/v2\/media\/50833"}],"wp:attachment":[{"href":"https:\/\/lykosbalkanmetals.com\/bs\/wp-json\/wp\/v2\/media?parent=50831"}],"wp:term":[{"taxonomy":"category","embeddable":true,"href":"https:\/\/lykosbalkanmetals.com\/bs\/wp-json\/wp\/v2\/categories?post=50831"},{"taxonomy":"post_tag","embeddable":true,"href":"https:\/\/lykosbalkanmetals.com\/bs\/wp-json\/wp\/v2\/tags?post=50831"}],"curies":[{"name":"wp","href":"https:\/\/api.w.org\/{rel}","templated":true}]}}